{"id":1535,"date":"2021-07-03T14:47:45","date_gmt":"2021-07-03T14:47:45","guid":{"rendered":"https:\/\/fromjoyasso.org\/?p=1535"},"modified":"2021-07-07T17:10:35","modified_gmt":"2021-07-07T17:10:35","slug":"et-les-fruits-les-legumes-de-saison-si-on-en-parlait","status":"publish","type":"post","link":"https:\/\/fromjoyasso.org\/en\/et-les-fruits-les-legumes-de-saison-si-on-en-parlait\/","title":{"rendered":"Et les Fruits, les L\u00e9gumes de saison, si on en parlait\u2026"},"content":{"rendered":"[et_pb_section fb_built=\u00a0\u00bb1&Prime; _builder_version=\u00a0\u00bb4.9.7&Prime; _module_preset=\u00a0\u00bbdefault\u00a0\u00bb][et_pb_row _builder_version=\u00a0\u00bb4.9.7&Prime; _module_preset=\u00a0\u00bbdefault\u00a0\u00bb][et_pb_column _builder_version=\u00a0\u00bb4.9.7&Prime; _module_preset=\u00a0\u00bbdefault\u00a0\u00bb type=\u00a0\u00bb4_4&Prime;][et_pb_text _builder_version=\u00a0\u00bb4.9.7&Prime; _module_preset=\u00a0\u00bbdefault\u00a0\u00bb hover_enabled=\u00a0\u00bb0&Prime; sticky_enabled=\u00a0\u00bb0&Prime;]<div data-draftjs-conductor-fragment=\"{&quot;blocks&quot;:[{&quot;key&quot;:&quot;2791h&quot;,&quot;text&quot;:&quot;Vouloir tout, tout de suite, \u00e0 n\u2019importe quel instant est notre mode de vie actuel ! Sommes-nous dans le juste pour alimenter notre \u00eatre de cette mani\u00e8re et vivre de fa\u00e7on \u00e9cologique ? Non ! Ce sont des pulsions aliment\u00e9es par toutes sortes de publicit\u00e9s, des habitudes, un manque de r\u00e9flexion\u2026&quot;,&quot;type&quot;:&quot;unstyled&quot;,&quot;depth&quot;:0,&quot;inlineStyleRanges&quot;:[],&quot;entityRanges&quot;:[],&quot;data&quot;:{&quot;textAlignment&quot;:&quot;justify&quot;}}],&quot;entityMap&quot;:{},&quot;VERSION&quot;:&quot;8.46.0&quot;}\">Vouloir tout, tout de suite, \u00e0 n\u2019importe quel instant est notre mode de vie actuel ! <strong>Sommes-nous dans le juste pour alimenter notre \u00eatre<\/strong> de cette mani\u00e8re et vivre de fa\u00e7on \u00e9cologique ? Non ! Ce sont des pulsions aliment\u00e9es par toutes sortes de publicit\u00e9s, des habitudes, un manque de r\u00e9flexion\u2026<\/div>[\/et_pb_text][\/et_pb_column][\/et_pb_row][et_pb_row _builder_version=\u00a0\u00bb4.9.7&Prime; _module_preset=\u00a0\u00bbdefault\u00a0\u00bb][et_pb_column _builder_version=\u00a0\u00bb4.9.7&Prime; _module_preset=\u00a0\u00bbdefault\u00a0\u00bb type=\u00a0\u00bb4_4&Prime;][et_pb_text _builder_version=\u00a0\u00bb4.9.7&Prime; _module_preset=\u00a0\u00bbdefault\u00a0\u00bb hover_enabled=\u00a0\u00bb0&Prime; sticky_enabled=\u00a0\u00bb0&Prime;]<p style=\"text-align: center\"><strong>\u00a0Hippocrate <\/strong>disait\u00a0:<strong> \u00ab\u00a0Que ton alimentation soit ta premi\u00e8re m\u00e9decine\u00a0\u00bb.<\/strong><\/p>\n<p>\u00a0 \u00a0 \u00a0 \u00a0 \u00a0 \u00a0 \u00a0 \u00a0 \u00a0 \u00a0 \u00a0 \u00a0 \u00a0 \u00a0 \u00a0 \u00a0 \u00a0 \u00a0 \u00a0 \u00a0 \u00a0 \u00a0 \u00a0 \u00a0 \u00a0 \u00a0 \u00a0 \u00a0 \u00a0 \u00a0 \u00a0 Je vous propose d\u2019y r\u00e9fl\u00e9chir \u00e0 la lecture de ces quelques lignes \u2026<\/p>[\/et_pb_text][\/et_pb_column][\/et_pb_row][et_pb_row _builder_version=\u00a0\u00bb4.9.7&Prime; _module_preset=\u00a0\u00bbdefault\u00a0\u00bb][et_pb_column _builder_version=\u00a0\u00bb4.9.7&Prime; _module_preset=\u00a0\u00bbdefault\u00a0\u00bb type=\u00a0\u00bb4_4&Prime;][et_pb_text _builder_version=\u00a0\u00bb4.9.7&Prime; _module_preset=\u00a0\u00bbdefault\u00a0\u00bb hover_enabled=\u00a0\u00bb0&Prime; sticky_enabled=\u00a0\u00bb0&Prime;]<div data-draftjs-conductor-fragment=\"{&quot;blocks&quot;:[{&quot;key&quot;:&quot;b1gld&quot;,&quot;text&quot;:&quot;&quot;,&quot;type&quot;:&quot;unstyled&quot;,&quot;depth&quot;:0,&quot;inlineStyleRanges&quot;:[],&quot;entityRanges&quot;:[],&quot;data&quot;:{&quot;textAlignment&quot;:&quot;center&quot;}},{&quot;key&quot;:&quot;c0724&quot;,&quot;text&quot;:&quot;Une \u00e9vidence oubli\u00e9e\u2026&quot;,&quot;type&quot;:&quot;header-two&quot;,&quot;depth&quot;:0,&quot;inlineStyleRanges&quot;:[{&quot;offset&quot;:0,&quot;length&quot;:21,&quot;style&quot;:&quot;BOLD&quot;}],&quot;entityRanges&quot;:[],&quot;data&quot;:{}}],&quot;entityMap&quot;:{},&quot;VERSION&quot;:&quot;8.46.0&quot;}\">\n<div class=\"jwLWP _2hXa7 Zn7O0 _21OX4 public-DraftStyleDefault-block-depth0 public-DraftStyleDefault-text-ltr\" data-block=\"true\" data-editor=\"editor\" data-offset-key=\"fe06d-0-0\">\n<div data-offset-key=\"fe06d-0-0\" class=\"public-DraftStyleDefault-block public-DraftStyleDefault-ltr\"><span data-offset-key=\"fe06d-0-0\">\u00a0<\/span><\/div>\n<\/div>\n<h3 data-offset-key=\"8n314-0-0\" class=\"public-DraftStyleDefault-block public-DraftStyleDefault-ltr\"><span data-offset-key=\"8n314-0-0\">Une \u00e9vidence oubli\u00e9e\u2026<\/span><\/h3>\n<\/div>[\/et_pb_text][\/et_pb_column][\/et_pb_row][et_pb_row _builder_version=\u00a0\u00bb4.9.7&Prime; _module_preset=\u00a0\u00bbdefault\u00a0\u00bb column_structure=\u00a0\u00bb2_5,3_5&Prime;][et_pb_column _builder_version=\u00a0\u00bb4.9.7&Prime; _module_preset=\u00a0\u00bbdefault\u00a0\u00bb type=\u00a0\u00bb2_5&Prime;][et_pb_image src=\u00a0\u00bbhttps:\/\/fromjoyasso.org\/wp-content\/uploads\/2021\/07\/printemps.jpg\u00a0\u00bb _builder_version=\u00a0\u00bb4.9.7&Prime; _module_preset=\u00a0\u00bbdefault\u00a0\u00bb title_text=\u00a0\u00bbprintemps\u00a0\u00bb hover_enabled=\u00a0\u00bb0&Prime; sticky_enabled=\u00a0\u00bb0&Prime;][\/et_pb_image][\/et_pb_column][et_pb_column _builder_version=\u00a0\u00bb4.9.7&Prime; _module_preset=\u00a0\u00bbdefault\u00a0\u00bb type=\u00a0\u00bb3_5&Prime;][et_pb_text _builder_version=\u00a0\u00bb4.9.7&Prime; _module_preset=\u00a0\u00bbdefault\u00a0\u00bb custom_margin=\u00a0\u00bb57px||||false|false\u00a0\u00bb hover_enabled=\u00a0\u00bb0&Prime; sticky_enabled=\u00a0\u00bb0&Prime;]<div data-draftjs-conductor-fragment=\"{&quot;blocks&quot;:[{&quot;key&quot;:&quot;bgom7&quot;,&quot;text&quot;:&quot;Enfant, mon p\u00e8re m\u2019a appris \u00e0 suivre le rythme des saisons comme le font nos amis les animaux, d\u2019ailleurs \u00e0 l\u2019\u00e9poque dans les ann\u00e9es 1960, 1970 c\u2019\u00e9tait beaucoup plus facile. Il n\u2019y avait pas tous les fruits et l\u00e9gumes que nous trouvons aujourd\u2019hui sur nos \u00e9talages venant des 4 coins du monde : des cucurbitac\u00e9es au printemps, des agrumes l\u2019\u00e9t\u00e9, des fraises, des cerises, des \u00e9pinards \u00e0 l\u2019automne, des courgettes, des tomates, du raisin en hiver. &quot;,&quot;type&quot;:&quot;unstyled&quot;,&quot;depth&quot;:0,&quot;inlineStyleRanges&quot;:[],&quot;entityRanges&quot;:[],&quot;data&quot;:{}}],&quot;entityMap&quot;:{},&quot;VERSION&quot;:&quot;8.46.0&quot;}\">Enfant, mon p\u00e8re m\u2019a appris \u00e0<strong> suivre le rythme des saisons comme le font nos amis les animaux<\/strong>, d\u2019ailleurs \u00e0 l\u2019\u00e9poque dans les ann\u00e9es 1960, 1970 c\u2019\u00e9tait beaucoup plus facile. Il n\u2019y avait pas tous les fruits et l\u00e9gumes que nous trouvons aujourd\u2019hui sur nos \u00e9talages venant des 4 coins du monde : des cucurbitac\u00e9es au printemps, des agrumes l\u2019\u00e9t\u00e9, des fraises, des cerises, des \u00e9pinards \u00e0 l\u2019automne, des courgettes, des tomates, du raisin en hiver.<\/div>[\/et_pb_text][\/et_pb_column][\/et_pb_row][et_pb_row _builder_version=\u00a0\u00bb4.9.7&Prime; _module_preset=\u00a0\u00bbdefault\u00a0\u00bb column_structure=\u00a0\u00bb3_5,2_5&Prime;][et_pb_column _builder_version=\u00a0\u00bb4.9.7&Prime; _module_preset=\u00a0\u00bbdefault\u00a0\u00bb type=\u00a0\u00bb3_5&Prime;][et_pb_text _builder_version=\u00a0\u00bb4.9.7&Prime; _module_preset=\u00a0\u00bbdefault\u00a0\u00bb hover_enabled=\u00a0\u00bb0&Prime; sticky_enabled=\u00a0\u00bb0&Prime; custom_margin=\u00a0\u00bb31px||||false|false\u00a0\u00bb]<div data-draftjs-conductor-fragment=\"{&quot;blocks&quot;:[{&quot;key&quot;:&quot;aere2&quot;,&quot;text&quot;:&quot;La nature est bien faite, chaque aliment a sa valeur nutritive et correspond \u00e0 nos besoins selon les saisons. D\u2019ailleurs les fruits et l\u00e9gumes, dits de saison, sont meilleurs au go\u00fbt ainsi que leur texture. En hiver nous avons besoin de plus de nutriments, nous les trouvons dans les poireaux, choux, \u00e9pinards etc. riches en min\u00e9raux et dans les agrumes riches en vitamine C, c\u2019est parfait ! Tandis que l\u2019\u00e9t\u00e9 nous d\u00e9pensons moins de calories et avons besoin de plus d\u2019eau, profitons des melons, des concombres, des tomates, des courgettes, des past\u00e8ques etc. ils en sont gorg\u00e9s, g\u00e9nial ! Merci Dame Nature !!! &quot;,&quot;type&quot;:&quot;unstyled&quot;,&quot;depth&quot;:0,&quot;inlineStyleRanges&quot;:[{&quot;offset&quot;:24,&quot;length&quot;:85,&quot;style&quot;:&quot;BOLD&quot;}],&quot;entityRanges&quot;:[],&quot;data&quot;:{}}],&quot;entityMap&quot;:{},&quot;VERSION&quot;:&quot;8.46.0&quot;}\"><span data-offset-key=\"4vfdm-0-0\">La nature est bien faite<\/span><span data-offset-key=\"4vfdm-0-1\">,<strong> chaque aliment a sa valeur nutritive et correspond \u00e0 nos besoins selon les saisons.<\/strong><\/span><span data-offset-key=\"4vfdm-0-2\"> D\u2019ailleurs les fruits et l\u00e9gumes, dits de saison, sont meilleurs au go\u00fbt ainsi que leur texture. En hiver nous avons besoin de plus de nutriments, nous les trouvons dans les poireaux, choux, \u00e9pinards etc. riches en min\u00e9raux et dans les agrumes riches en vitamine C, c\u2019est parfait ! Tandis que l\u2019\u00e9t\u00e9 nous d\u00e9pensons moins de calories et avons besoin de plus d\u2019eau, profitons des melons, des concombres, des tomates, des courgettes, des past\u00e8ques etc. ils en sont gorg\u00e9s, g\u00e9nial ! Merci Dame Nature !!! <\/span><\/div>[\/et_pb_text][\/et_pb_column][et_pb_column _builder_version=\u00a0\u00bb4.9.7&Prime; _module_preset=\u00a0\u00bbdefault\u00a0\u00bb type=\u00a0\u00bb2_5&Prime;][et_pb_image src=\u00a0\u00bbhttps:\/\/fromjoyasso.org\/wp-content\/uploads\/2021\/07\/ete-.jpg\u00a0\u00bb _builder_version=\u00a0\u00bb4.9.7&Prime; _module_preset=\u00a0\u00bbdefault\u00a0\u00bb title_text=\u00a0\u00bbEt les fruits et l\u00e9gumes&#8230;\u00a0\u00bb hover_enabled=\u00a0\u00bb0&Prime; sticky_enabled=\u00a0\u00bb0&Prime;][\/et_pb_image][\/et_pb_column][\/et_pb_row][et_pb_row _builder_version=\u00a0\u00bb4.9.7&Prime; _module_preset=\u00a0\u00bbdefault\u00a0\u00bb column_structure=\u00a0\u00bb2_5,3_5&Prime;][et_pb_column _builder_version=\u00a0\u00bb4.9.7&Prime; _module_preset=\u00a0\u00bbdefault\u00a0\u00bb type=\u00a0\u00bb2_5&Prime;][et_pb_image src=\u00a0\u00bbhttps:\/\/fromjoyasso.org\/wp-content\/uploads\/2021\/07\/autumn-18494_1920.jpg\u00a0\u00bb _builder_version=\u00a0\u00bb4.9.7&Prime; _module_preset=\u00a0\u00bbdefault\u00a0\u00bb title_text=\u00a0\u00bbEt les fruits et les l\u00e9gumes&#8230;\u00a0\u00bb hover_enabled=\u00a0\u00bb0&Prime; sticky_enabled=\u00a0\u00bb0&Prime;][\/et_pb_image][\/et_pb_column][et_pb_column _builder_version=\u00a0\u00bb4.9.7&Prime; _module_preset=\u00a0\u00bbdefault\u00a0\u00bb type=\u00a0\u00bb3_5&Prime;][et_pb_text _builder_version=\u00a0\u00bb4.9.7&Prime; _module_preset=\u00a0\u00bbdefault\u00a0\u00bb custom_margin=\u00a0\u00bb81px||||false|false\u00a0\u00bb hover_enabled=\u00a0\u00bb0&Prime; sticky_enabled=\u00a0\u00bb0&Prime;]<div data-draftjs-conductor-fragment=\"{&quot;blocks&quot;:[{&quot;key&quot;:&quot;1nb9f&quot;,&quot;text&quot;:&quot;Manger des aliments de saison charg\u00e9s d\u2019antioxydants nous prot\u00e8ge de nombreuses maladies et retarde le vieillissement. Les fruits et l\u00e9gumes doivent m\u00fbrir sous le soleil, \u00eatre cueillis \u00e0 terme, de pr\u00e9f\u00e9rence localement pour ne pas perdre tous leurs bienfaits.&quot;,&quot;type&quot;:&quot;unstyled&quot;,&quot;depth&quot;:0,&quot;inlineStyleRanges&quot;:[{&quot;offset&quot;:0,&quot;length&quot;:118,&quot;style&quot;:&quot;BOLD&quot;}],&quot;entityRanges&quot;:[],&quot;data&quot;:{}}],&quot;entityMap&quot;:{},&quot;VERSION&quot;:&quot;8.46.0&quot;}\"><strong>Manger des aliments de saison charg\u00e9s d\u2019antioxydants nous prot\u00e8ge de nombreuses maladies et retarde le vieillissement.<\/strong><span data-offset-key=\"an8r5-0-1\"> Les fruits et l\u00e9gumes doivent m\u00fbrir sous le soleil, \u00eatre cueillis \u00e0 terme, de pr\u00e9f\u00e9rence localement pour ne pas perdre tous leurs bienfaits.<\/span><\/div>[\/et_pb_text][\/et_pb_column][\/et_pb_row][et_pb_row _builder_version=\u00a0\u00bb4.9.7&Prime; _module_preset=\u00a0\u00bbdefault\u00a0\u00bb column_structure=\u00a0\u00bb3_5,2_5&Prime;][et_pb_column _builder_version=\u00a0\u00bb4.9.7&Prime; _module_preset=\u00a0\u00bbdefault\u00a0\u00bb type=\u00a0\u00bb3_5&Prime;][et_pb_text _builder_version=\u00a0\u00bb4.9.7&Prime; _module_preset=\u00a0\u00bbdefault\u00a0\u00bb hover_enabled=\u00a0\u00bb0&Prime; sticky_enabled=\u00a0\u00bb0&Prime; custom_margin=\u00a0\u00bb62px||||false|false\u00a0\u00bb]<div data-draftjs-conductor-fragment=\"{&quot;blocks&quot;:[{&quot;key&quot;:&quot;3v1p4&quot;,&quot;text&quot;:&quot;Tout ce qui n\u2019est pas local, ni de saison entra\u00eene des transports plus longs en bateau, en avion, en camion de fruits et l\u00e9gumes ramass\u00e9s trop t\u00f4t avec plus de pesticides mauvais pour l\u2019aliment, la terre et plus d\u2019emballage donc plus de d\u00e9chets. Ceci tue la biodiversit\u00e9 et nos pr\u00e9cieuses abeilles. &quot;,&quot;type&quot;:&quot;unstyled&quot;,&quot;depth&quot;:0,&quot;inlineStyleRanges&quot;:[],&quot;entityRanges&quot;:[],&quot;data&quot;:{}},{&quot;key&quot;:&quot;2fnna&quot;,&quot;text&quot;:&quot;&quot;,&quot;type&quot;:&quot;unstyled&quot;,&quot;depth&quot;:0,&quot;inlineStyleRanges&quot;:[],&quot;entityRanges&quot;:[],&quot;data&quot;:{}}],&quot;entityMap&quot;:{},&quot;VERSION&quot;:&quot;8.46.0&quot;}\">\n<div class=\"jwLWP _2hXa7 Zn7O0 public-DraftStyleDefault-block-depth0 public-DraftStyleDefault-text-ltr\" data-block=\"true\" data-editor=\"editor\" data-offset-key=\"8khel-0-0\">\n<div data-offset-key=\"8khel-0-0\" class=\"public-DraftStyleDefault-block public-DraftStyleDefault-ltr\"><p><span data-offset-key=\"8khel-0-0\"><span data-offset-key=\"8khel-0-0\">Tout ce qui n\u2019est pas local, ni de saison entra\u00eene des transports plus longs en bateau, en avion, en camion de fruits et l\u00e9gumes ramass\u00e9s trop t\u00f4t avec plus de pesticides mauvais pour l\u2019aliment, la terre et plus d\u2019emballage donc plus de d\u00e9chets. <strong>Ceci tue la biodiversit\u00e9<\/strong> et nos pr\u00e9cieuses abeilles.<\/span><\/span><\/p>\n<div data-draftjs-conductor-fragment=\"{&quot;blocks&quot;:[{&quot;key&quot;:&quot;bo36i&quot;,&quot;text&quot;:&quot;https:\/\/www.greenpeace.fr\/guetteur\/ &quot;,&quot;type&quot;:&quot;unstyled&quot;,&quot;depth&quot;:0,&quot;inlineStyleRanges&quot;:[{&quot;offset&quot;:0,&quot;length&quot;:35,&quot;style&quot;:&quot;UNDERLINE&quot;}],&quot;entityRanges&quot;:[{&quot;offset&quot;:0,&quot;length&quot;:35,&quot;key&quot;:0}],&quot;data&quot;:{}},{&quot;key&quot;:&quot;cc9mf&quot;,&quot;text&quot;:&quot;https:\/\/www.enzynov.fr\/blog\/7-bonnes-raisons-manger-aliments-saison &quot;,&quot;type&quot;:&quot;unstyled&quot;,&quot;depth&quot;:0,&quot;inlineStyleRanges&quot;:[{&quot;offset&quot;:0,&quot;length&quot;:67,&quot;style&quot;:&quot;UNDERLINE&quot;}],&quot;entityRanges&quot;:[{&quot;offset&quot;:0,&quot;length&quot;:67,&quot;key&quot;:1}],&quot;data&quot;:{}}],&quot;entityMap&quot;:{&quot;0&quot;:{&quot;type&quot;:&quot;LINK&quot;,&quot;mutability&quot;:&quot;MUTABLE&quot;,&quot;data&quot;:{&quot;url&quot;:&quot;https:\/\/www.greenpeace.fr\/guetteur\/&quot;,&quot;target&quot;:&quot;_blank&quot;,&quot;rel&quot;:&quot;noopener&quot;}},&quot;1&quot;:{&quot;type&quot;:&quot;LINK&quot;,&quot;mutability&quot;:&quot;MUTABLE&quot;,&quot;data&quot;:{&quot;url&quot;:&quot;https:\/\/www.enzynov.fr\/blog\/7-bonnes-raisons-manger-aliments-saison&quot;,&quot;target&quot;:&quot;_blank&quot;,&quot;rel&quot;:&quot;noopener&quot;}}},&quot;VERSION&quot;:&quot;8.46.0&quot;}\">\n<div class=\"jwLWP _2hXa7 Zn7O0 public-DraftStyleDefault-block-depth0 public-DraftStyleDefault-text-ltr\" data-block=\"true\" data-editor=\"editor\" data-offset-key=\"55oa7-0-0\">\n<div data-offset-key=\"55oa7-0-0\" class=\"public-DraftStyleDefault-block public-DraftStyleDefault-ltr\"><a href=\"https:\/\/www.greenpeace.fr\/guetteur\/\" target=\"_blank\" rel=\"noopener noreferrer\" class=\"_2qJYG _2E8wo\"><span data-offset-key=\"55oa7-0-0\">https:\/\/www.greenpeace.fr\/guetteur\/<\/span><\/a><span data-offset-key=\"55oa7-1-0\"> <\/span><\/div>\n<\/div>\n<div class=\"jwLWP _2hXa7 Zn7O0 public-DraftStyleDefault-block-depth0 public-DraftStyleDefault-text-ltr\" data-block=\"true\" data-editor=\"editor\" data-offset-key=\"aj946-0-0\">\n<div data-offset-key=\"aj946-0-0\" class=\"public-DraftStyleDefault-block public-DraftStyleDefault-ltr\"><a href=\"https:\/\/www.enzynov.fr\/blog\/7-bonnes-raisons-manger-aliments-saison\" target=\"_blank\" rel=\"noopener noreferrer\" class=\"_2qJYG _2E8wo\"><span data-offset-key=\"aj946-0-0\">https:\/\/www.enzynov.fr\/blog\/7-bonnes-raisons-manger-aliments-saison<\/span><\/a><span data-offset-key=\"aj946-1-0\"> <\/span><\/div>\n<\/div>\n<\/div>\n<\/div>\n<div data-offset-key=\"8khel-0-0\" class=\"public-DraftStyleDefault-block public-DraftStyleDefault-ltr\"><span data-offset-key=\"8khel-0-0\"><\/span><\/div>\n<\/div>\n<div class=\"jwLWP _2hXa7 Zn7O0 public-DraftStyleDefault-block-depth0 public-DraftStyleDefault-text-ltr\" data-block=\"true\" data-editor=\"editor\" data-offset-key=\"4jque-0-0\">\n<div data-offset-key=\"4jque-0-0\" class=\"public-DraftStyleDefault-block public-DraftStyleDefault-ltr\"><\/div>\n<\/div>\n<\/div>[\/et_pb_text][\/et_pb_column][et_pb_column _builder_version=\u00a0\u00bb4.9.7&Prime; _module_preset=\u00a0\u00bbdefault\u00a0\u00bb type=\u00a0\u00bb2_5&Prime;][et_pb_image src=\u00a0\u00bbhttps:\/\/fromjoyasso.org\/wp-content\/uploads\/2021\/07\/winter-fruit-3719695_1920-1.jpg\u00a0\u00bb _builder_version=\u00a0\u00bb4.9.7&Prime; _module_preset=\u00a0\u00bbdefault\u00a0\u00bb title_text=\u00a0\u00bbEt les fruits et legumes &#8230; (1)\u00a0\u00bb hover_enabled=\u00a0\u00bb0&Prime; sticky_enabled=\u00a0\u00bb0&Prime;][\/et_pb_image][\/et_pb_column][\/et_pb_row][et_pb_row _builder_version=\u00a0\u00bb4.9.7&Prime; _module_preset=\u00a0\u00bbdefault\u00a0\u00bb][et_pb_column _builder_version=\u00a0\u00bb4.9.7&Prime; _module_preset=\u00a0\u00bbdefault\u00a0\u00bb type=\u00a0\u00bb4_4&Prime;][et_pb_text _builder_version=\u00a0\u00bb4.9.7&Prime; _module_preset=\u00a0\u00bbdefault\u00a0\u00bb hover_enabled=\u00a0\u00bb0&Prime; sticky_enabled=\u00a0\u00bb0&Prime;]<h3 data-draftjs-conductor-fragment=\"{&quot;blocks&quot;:[{&quot;key&quot;:&quot;adi4q&quot;,&quot;text&quot;:&quot;Les solutions sont faciles\u2026&quot;,&quot;type&quot;:&quot;header-two&quot;,&quot;depth&quot;:0,&quot;inlineStyleRanges&quot;:[{&quot;offset&quot;:0,&quot;length&quot;:27,&quot;style&quot;:&quot;BOLD&quot;}],&quot;entityRanges&quot;:[],&quot;data&quot;:{}}],&quot;entityMap&quot;:{},&quot;VERSION&quot;:&quot;8.46.0&quot;}\">Les solutions sont faciles\u2026<\/h3>[\/et_pb_text][\/et_pb_column][\/et_pb_row][et_pb_row _builder_version=\u00a0\u00bb4.9.7&Prime; _module_preset=\u00a0\u00bbdefault\u00a0\u00bb][et_pb_column _builder_version=\u00a0\u00bb4.9.7&Prime; _module_preset=\u00a0\u00bbdefault\u00a0\u00bb type=\u00a0\u00bb4_4&Prime;][et_pb_text _builder_version=\u00a0\u00bb4.9.7&Prime; _module_preset=\u00a0\u00bbdefault\u00a0\u00bb hover_enabled=\u00a0\u00bb0&Prime; sticky_enabled=\u00a0\u00bb0&Prime;]<div data-draftjs-conductor-fragment=\"{&quot;blocks&quot;:[{&quot;key&quot;:&quot;3p978&quot;,&quot;text&quot;:&quot;Faites vos courses en conscience. Apprenez quels sont les fruits et l\u00e9gumes de saison au fur et mesure de l\u2019ann\u00e9e, vous verrez c\u2019est facile et logique, aidez-vous du tableau suivant : https:\/\/www.greenpeace.fr\/guetteur\/calendrier\/ &quot;,&quot;type&quot;:&quot;unstyled&quot;,&quot;depth&quot;:0,&quot;inlineStyleRanges&quot;:[{&quot;offset&quot;:184,&quot;length&quot;:46,&quot;style&quot;:&quot;UNDERLINE&quot;}],&quot;entityRanges&quot;:[{&quot;offset&quot;:184,&quot;length&quot;:46,&quot;key&quot;:0}],&quot;data&quot;:{}},{&quot;key&quot;:&quot;11mgt&quot;,&quot;text&quot;:&quot;Choisissez des lieux de vente avec des circuits courts et locaux dans la mesure du possible. Les magasins bio proposent davantage ce genre de produits, les AMAP (Association pour le maintien d\u2019une culture paysanne), les fermes o\u00f9 vous pouvez cueillir vos fruits et l\u00e9gumes vous-m\u00eame, les march\u00e9s bio pr\u00e8s de chez vous. V\u00e9rifiez la provenance de vos achats, tr\u00e8s important !&quot;,&quot;type&quot;:&quot;unstyled&quot;,&quot;depth&quot;:0,&quot;inlineStyleRanges&quot;:[{&quot;offset&quot;:0,&quot;length&quot;:64,&quot;style&quot;:&quot;BOLD&quot;},{&quot;offset&quot;:93,&quot;length&quot;:16,&quot;style&quot;:&quot;BOLD&quot;},{&quot;offset&quot;:156,&quot;length&quot;:4,&quot;style&quot;:&quot;BOLD&quot;},{&quot;offset&quot;:216,&quot;length&quot;:10,&quot;style&quot;:&quot;BOLD&quot;},{&quot;offset&quot;:284,&quot;length&quot;:15,&quot;style&quot;:&quot;BOLD&quot;},{&quot;offset&quot;:319,&quot;length&quot;:38,&quot;style&quot;:&quot;BOLD&quot;}],&quot;entityRanges&quot;:[],&quot;data&quot;:{}}],&quot;entityMap&quot;:{&quot;0&quot;:{&quot;type&quot;:&quot;LINK&quot;,&quot;mutability&quot;:&quot;MUTABLE&quot;,&quot;data&quot;:{&quot;url&quot;:&quot;Faites vos courses en conscience. Apprenez quels sont les fruits et l\u00e9gumes de saison au fur et mesure de l\u2019ann\u00e9e, vous verrez c\u2019est facile et logique, aidez-vous du tableau suivant : https:\/\/www.greenpeace.fr\/guetteur\/calendrier\/ &quot;,&quot;target&quot;:&quot;_blank&quot;,&quot;rel&quot;:&quot;noopener&quot;}}},&quot;VERSION&quot;:&quot;8.46.0&quot;}\">\n<div class=\"jwLWP _2hXa7 Zn7O0 public-DraftStyleDefault-block-depth0 public-DraftStyleDefault-text-ltr\" data-block=\"true\" data-editor=\"editor\" data-offset-key=\"aan8s-0-0\">\n<div data-offset-key=\"aan8s-0-0\" class=\"public-DraftStyleDefault-block public-DraftStyleDefault-ltr\"><span data-offset-key=\"aan8s-0-0\">Faites vos courses en conscience. Apprenez quels sont les fruits et l\u00e9gumes de saison au fur et mesure de l\u2019ann\u00e9e, vous verrez c\u2019est facile et logique, aidez-vous du tableau suivant : <\/span><a href=\"https:\/\/www.greenpeace.fr\/guetteur\/calendrier\/\" target=\"_blank\" rel=\"noopener noreferrer\" class=\"_2qJYG _2E8wo\"><span data-offset-key=\"aan8s-1-0\">https:\/\/www.greenpeace.fr\/guetteur\/calendrier\/<\/span><\/a><span data-offset-key=\"aan8s-2-0\"> <\/span><\/div>\n<\/div>\n<div class=\"jwLWP _2hXa7 Zn7O0 public-DraftStyleDefault-block-depth0 public-DraftStyleDefault-text-ltr\" data-block=\"true\" data-editor=\"editor\" data-offset-key=\"drnmk-0-0\">\n<div data-offset-key=\"drnmk-0-0\" class=\"public-DraftStyleDefault-block public-DraftStyleDefault-ltr\"><strong>Choisissez des lieux de vente avec des circuits courts et locaux<\/strong><span data-offset-key=\"drnmk-0-1\"> dans la mesure du possible. <\/span><span data-offset-key=\"drnmk-0-2\">Les <strong>magasins bio<\/strong><\/span><span data-offset-key=\"drnmk-0-3\"> proposent davantage ce genre de produits, les <\/span><strong>AMAP<\/strong><span data-offset-key=\"drnmk-0-5\"><strong> (Association pour le maintien d\u2019une culture paysanne)<\/strong>, <\/span><span data-offset-key=\"drnmk-0-6\">les <strong>fermes<\/strong><\/span><span data-offset-key=\"drnmk-0-7\"> o\u00f9 vous pouvez cueillir vos fruits et l\u00e9gumes vous-m\u00eame, <\/span><span data-offset-key=\"drnmk-0-8\">les <strong>march\u00e9s bio<\/strong><\/span><span data-offset-key=\"drnmk-0-9\"> pr\u00e8s de chez vous. <\/span><span data-offset-key=\"drnmk-0-10\"><strong>V\u00e9rifiez la provenance de vos achats<\/strong>, <\/span><span data-offset-key=\"drnmk-0-11\">tr\u00e8s important !<\/span><\/div>\n<\/div>\n<\/div>[\/et_pb_text][\/et_pb_column][\/et_pb_row][et_pb_row _builder_version=\u00a0\u00bb4.9.7&Prime; _module_preset=\u00a0\u00bbdefault\u00a0\u00bb column_structure=\u00a0\u00bb1_3,1_3,1_3&Prime;][et_pb_column _builder_version=\u00a0\u00bb4.9.7&Prime; _module_preset=\u00a0\u00bbdefault\u00a0\u00bb type=\u00a0\u00bb1_3&Prime;][et_pb_image src=\u00a0\u00bbhttps:\/\/fromjoyasso.org\/wp-content\/uploads\/2021\/07\/the-market-3147758_1920.jpg\u00a0\u00bb _builder_version=\u00a0\u00bb4.9.7&Prime; _module_preset=\u00a0\u00bbdefault\u00a0\u00bb title_text=\u00a0\u00bbEt les fruits et l\u00e9gumes &#8230;\u00a0\u00bb hover_enabled=\u00a0\u00bb0&Prime; sticky_enabled=\u00a0\u00bb0&Prime;][\/et_pb_image][\/et_pb_column][et_pb_column _builder_version=\u00a0\u00bb4.9.7&Prime; _module_preset=\u00a0\u00bbdefault\u00a0\u00bb type=\u00a0\u00bb1_3&Prime;][et_pb_text _builder_version=\u00a0\u00bb4.9.7&Prime; _module_preset=\u00a0\u00bbdefault\u00a0\u00bb custom_margin=\u00a0\u00bb51px||||false|false\u00a0\u00bb hover_enabled=\u00a0\u00bb0&Prime; sticky_enabled=\u00a0\u00bb0&Prime;]<p>Un march\u00e9 Bio<\/p>\n<p>\u00a0 \u00a0 \u00a0 \u00a0 \u00a0 \u00a0 \u00a0 \u00a0 \u00a0 \u00a0 \u00a0 \u00a0 \u00a0 \u00a0 \u00a0 \u00a0 \u00a0 \u00a0 \u00a0 \u00a0 \u00a0 \u00a0 \u00a0 \u00a0 \u00a0Une AMAP<\/p>[\/et_pb_text][\/et_pb_column][et_pb_column _builder_version=\u00a0\u00bb4.9.7&Prime; _module_preset=\u00a0\u00bbdefault\u00a0\u00bb type=\u00a0\u00bb1_3&Prime;][et_pb_image src=\u00a0\u00bbhttps:\/\/fromjoyasso.org\/wp-content\/uploads\/2021\/07\/amap-668584_1920.jpg\u00a0\u00bb _builder_version=\u00a0\u00bb4.9.7&Prime; _module_preset=\u00a0\u00bbdefault\u00a0\u00bb title_text=\u00a0\u00bbEt les fruits et l\u00e9gumes&#8230;\u00a0\u00bb hover_enabled=\u00a0\u00bb0&Prime; sticky_enabled=\u00a0\u00bb0&Prime;][\/et_pb_image][\/et_pb_column][\/et_pb_row][et_pb_row _builder_version=\u00a0\u00bb4.9.7&Prime; _module_preset=\u00a0\u00bbdefault\u00a0\u00bb][et_pb_column _builder_version=\u00a0\u00bb4.9.7&Prime; _module_preset=\u00a0\u00bbdefault\u00a0\u00bb type=\u00a0\u00bb4_4&Prime;][et_pb_text _builder_version=\u00a0\u00bb4.9.7&Prime; _module_preset=\u00a0\u00bbdefault\u00a0\u00bb hover_enabled=\u00a0\u00bb0&Prime; sticky_enabled=\u00a0\u00bb0&Prime;]<div data-draftjs-conductor-fragment=\"{&quot;blocks&quot;:[{&quot;key&quot;:&quot;1s2jj&quot;,&quot;text&quot;:&quot;Personnellement je fais ma liste de courses en notant les fruits et l\u00e9gumes bio du mois et choisis de savoureuses recettes faciles adapt\u00e9es \u00e0 la saison. Ceci permet de diversifier vos menus pendant les 4 saisons, savourer les fruits et l\u00e9gumes au bon moment de l\u2019ann\u00e9e. Vous ferez, en plus, des \u00e9conomies\u2026&quot;,&quot;type&quot;:&quot;unstyled&quot;,&quot;depth&quot;:0,&quot;inlineStyleRanges&quot;:[{&quot;offset&quot;:168,&quot;length&quot;:44,&quot;style&quot;:&quot;BOLD&quot;}],&quot;entityRanges&quot;:[],&quot;data&quot;:{}}],&quot;entityMap&quot;:{},&quot;VERSION&quot;:&quot;8.46.0&quot;}\"><span data-offset-key=\"j6fg-0-0\">Personnellement je fais ma liste de courses en notant les fruits et l\u00e9gumes bio du mois et choisis de savoureuses recettes faciles adapt\u00e9es \u00e0 la saison. Ceci permet de <\/span><span data-offset-key=\"j6fg-0-1\"><strong>diversifier vos menus pendant les 4 saisons<\/strong>,<\/span><span data-offset-key=\"j6fg-0-2\"> savourer les fruits et l\u00e9gumes au bon moment de l\u2019ann\u00e9e. Vous ferez, en plus, des \u00e9conomies\u2026<\/span><\/div>[\/et_pb_text][\/et_pb_column][\/et_pb_row][et_pb_row _builder_version=\u00a0\u00bb4.9.7&Prime; _module_preset=\u00a0\u00bbdefault\u00a0\u00bb][et_pb_column _builder_version=\u00a0\u00bb4.9.7&Prime; _module_preset=\u00a0\u00bbdefault\u00a0\u00bb type=\u00a0\u00bb4_4&Prime;][et_pb_text _builder_version=\u00a0\u00bb4.9.7&Prime; _module_preset=\u00a0\u00bbdefault\u00a0\u00bb hover_enabled=\u00a0\u00bb0&Prime; sticky_enabled=\u00a0\u00bb0&Prime;]<div data-draftjs-conductor-fragment=\"{&quot;blocks&quot;:[{&quot;key&quot;:&quot;68h6p&quot;,&quot;text&quot;:&quot;L\u2019alimentation est la base de notre immunit\u00e9, de notre bonne sant\u00e9. Suivons les cycles de la nature au rythme des saisons. &quot;,&quot;type&quot;:&quot;unstyled&quot;,&quot;depth&quot;:0,&quot;inlineStyleRanges&quot;:[{&quot;offset&quot;:0,&quot;length&quot;:123,&quot;style&quot;:&quot;BOLD&quot;}],&quot;entityRanges&quot;:[],&quot;data&quot;:{&quot;textAlignment&quot;:&quot;center&quot;}}],&quot;entityMap&quot;:{},&quot;VERSION&quot;:&quot;8.46.0&quot;}\" style=\"text-align: center\"><strong>L\u2019alimentation est la base de notre immunit\u00e9, de notre bonne sant\u00e9. Suivons les cycles de la nature au rythme des saisons.<\/strong><\/div>[\/et_pb_text][\/et_pb_column][\/et_pb_row][et_pb_row _builder_version=\u00a0\u00bb4.9.7&Prime; _module_preset=\u00a0\u00bbdefault\u00a0\u00bb column_structure=\u00a0\u00bb1_3,1_3,1_3&Prime;][et_pb_column _builder_version=\u00a0\u00bb4.9.7&Prime; _module_preset=\u00a0\u00bbdefault\u00a0\u00bb type=\u00a0\u00bb1_3&Prime;][\/et_pb_column][et_pb_column _builder_version=\u00a0\u00bb4.9.7&Prime; _module_preset=\u00a0\u00bbdefault\u00a0\u00bb type=\u00a0\u00bb1_3&Prime;][et_pb_image src=\u00a0\u00bbhttps:\/\/fromjoyasso.org\/wp-content\/uploads\/2021\/07\/bee-on-cherry-blossom-1403010_1920.jpg\u00a0\u00bb _builder_version=\u00a0\u00bb4.9.7&Prime; _module_preset=\u00a0\u00bbdefault\u00a0\u00bb title_text=\u00a0\u00bbEt les fruits et l\u00e9gumes&#8230;\u00a0\u00bb hover_enabled=\u00a0\u00bb0&Prime; sticky_enabled=\u00a0\u00bb0&Prime;][\/et_pb_image][\/et_pb_column][et_pb_column _builder_version=\u00a0\u00bb4.9.7&Prime; _module_preset=\u00a0\u00bbdefault\u00a0\u00bb type=\u00a0\u00bb1_3&Prime;][\/et_pb_column][\/et_pb_row][et_pb_row _builder_version=\u00a0\u00bb4.9.7&Prime; _module_preset=\u00a0\u00bbdefault\u00a0\u00bb][et_pb_column _builder_version=\u00a0\u00bb4.9.7&Prime; _module_preset=\u00a0\u00bbdefault\u00a0\u00bb type=\u00a0\u00bb4_4&Prime;][et_pb_text _builder_version=\u00a0\u00bb4.9.7&Prime; _module_preset=\u00a0\u00bbdefault\u00a0\u00bb hover_enabled=\u00a0\u00bb0&Prime; sticky_enabled=\u00a0\u00bb0&Prime;]<div data-draftjs-conductor-fragment=\"{&quot;blocks&quot;:[{&quot;key&quot;:&quot;2vgfh&quot;,&quot;text&quot;:&quot;Prendre de nouvelles habitudes de Vie est un acte b\u00e9n\u00e9fique pour nous-m\u00eames, notre plan\u00e8te et ses habitants.&quot;,&quot;type&quot;:&quot;unstyled&quot;,&quot;depth&quot;:0,&quot;inlineStyleRanges&quot;:[{&quot;offset&quot;:0,&quot;length&quot;:108,&quot;style&quot;:&quot;BOLD&quot;}],&quot;entityRanges&quot;:[],&quot;data&quot;:{&quot;textAlignment&quot;:&quot;center&quot;}},{&quot;key&quot;:&quot;885h7&quot;,&quot;text&quot;:&quot;&quot;,&quot;type&quot;:&quot;unstyled&quot;,&quot;depth&quot;:0,&quot;inlineStyleRanges&quot;:[],&quot;entityRanges&quot;:[],&quot;data&quot;:{&quot;textAlignment&quot;:&quot;center&quot;}},{&quot;key&quot;:&quot;61qjl&quot;,&quot;text&quot;:&quot;#fromjoytoanimalsnatureearth  #FJANE #journalethique #AMAP #sante #immunit\u00e9 #KendyH #vegan #vegetalien #sanscruaut\u00e9 #protectionplanete #abeille #nourriture #fruitsl\u00e9gumessaison #alimentation #marchebio #fermebio #economiedufoyer #medecine #Hyppocrate&quot;,&quot;type&quot;:&quot;unstyled&quot;,&quot;depth&quot;:0,&quot;inlineStyleRanges&quot;:[],&quot;entityRanges&quot;:[],&quot;data&quot;:{&quot;textAlignment&quot;:&quot;left&quot;}}],&quot;entityMap&quot;:{},&quot;VERSION&quot;:&quot;8.46.0&quot;}\">\n<div class=\"jwLWP _2hXa7 Zn7O0 _21OX4 public-DraftStyleDefault-block-depth0 public-DraftStyleDefault-text-ltr\" data-block=\"true\" data-editor=\"editor\" data-offset-key=\"asv1c-0-0\">\n<div data-offset-key=\"asv1c-0-0\" class=\"public-DraftStyleDefault-block public-DraftStyleDefault-ltr\" style=\"text-align: center\"><strong>Prendre de nouvelles habitudes de Vie est un acte b\u00e9n\u00e9fique pour nous-m\u00eames, notre plan\u00e8te et ses habitants.<\/strong><\/div>\n<\/div>\n<div class=\"jwLWP _2hXa7 Zn7O0 _21OX4 public-DraftStyleDefault-block-depth0 public-DraftStyleDefault-text-ltr\" data-block=\"true\" data-editor=\"editor\" data-offset-key=\"f033a-0-0\">\n<div data-offset-key=\"f033a-0-0\" class=\"public-DraftStyleDefault-block public-DraftStyleDefault-ltr\"><span data-offset-key=\"f033a-0-0\">\u00a0<\/span><\/div>\n<\/div>\n<div class=\"jwLWP _2hXa7 Zn7O0 _1idAv public-DraftStyleDefault-block-depth0 public-DraftStyleDefault-text-ltr\" data-block=\"true\" data-editor=\"editor\" data-offset-key=\"6ofmu-0-0\">\n<div data-offset-key=\"6ofmu-0-0\" class=\"public-DraftStyleDefault-block public-DraftStyleDefault-ltr\"><a class=\"_1fYLo _2N2cN\" href=\"https:\/\/manage.wix.com\/dashboard\/256f0125-5b30-4455-b3dc-e774a6cbe6d4\/blog\/published\/search\/.hash.fromjoytoanimalsnatureearth?referralInfo=sidebar\" target=\"_self\" rel=\"noopener\"><span>#fromjoytoanimalsnatureearth<\/span><\/a><span data-offset-key=\"6ofmu-1-0\"> <\/span><a class=\"_1fYLo _2N2cN\" href=\"https:\/\/manage.wix.com\/dashboard\/256f0125-5b30-4455-b3dc-e774a6cbe6d4\/blog\/published\/search\/.hash.fjane?referralInfo=sidebar\" target=\"_self\" rel=\"noopener\"><span>#FJANE<\/span><\/a><span data-offset-key=\"6ofmu-3-0\"> <\/span><a class=\"_1fYLo _2N2cN\" href=\"https:\/\/manage.wix.com\/dashboard\/256f0125-5b30-4455-b3dc-e774a6cbe6d4\/blog\/published\/search\/.hash.journalethique?referralInfo=sidebar\" target=\"_self\" rel=\"noopener\"><span>#journalethique<\/span><\/a><span data-offset-key=\"6ofmu-5-0\"> <\/span><a class=\"_1fYLo _2N2cN\" href=\"https:\/\/manage.wix.com\/dashboard\/256f0125-5b30-4455-b3dc-e774a6cbe6d4\/blog\/published\/search\/.hash.amap?referralInfo=sidebar\" target=\"_self\" rel=\"noopener\"><span>#AMAP<\/span><\/a><span data-offset-key=\"6ofmu-7-0\"> <\/span><a class=\"_1fYLo _2N2cN\" href=\"https:\/\/manage.wix.com\/dashboard\/256f0125-5b30-4455-b3dc-e774a6cbe6d4\/blog\/published\/search\/.hash.sante?referralInfo=sidebar\" target=\"_self\" rel=\"noopener\"><span>#sante<\/span><\/a><span data-offset-key=\"6ofmu-9-0\"> <\/span><a class=\"_1fYLo _2N2cN\" href=\"https:\/\/manage.wix.com\/dashboard\/256f0125-5b30-4455-b3dc-e774a6cbe6d4\/blog\/published\/search\/.hash.immunit\u00e9?referralInfo=sidebar\" target=\"_self\" rel=\"noopener\"><span>#immunit\u00e9<\/span><\/a><span data-offset-key=\"6ofmu-11-0\"> <\/span><a class=\"_1fYLo _2N2cN\" href=\"https:\/\/manage.wix.com\/dashboard\/256f0125-5b30-4455-b3dc-e774a6cbe6d4\/blog\/published\/search\/.hash.kendyh?referralInfo=sidebar\" target=\"_self\" rel=\"noopener\"><span>#KendyH<\/span><\/a><span data-offset-key=\"6ofmu-13-0\"> <\/span><a class=\"_1fYLo _2N2cN\" href=\"https:\/\/manage.wix.com\/dashboard\/256f0125-5b30-4455-b3dc-e774a6cbe6d4\/blog\/published\/search\/.hash.vegan?referralInfo=sidebar\" target=\"_self\" rel=\"noopener\"><span>#vegan<\/span><\/a><span data-offset-key=\"6ofmu-15-0\"> <\/span><a class=\"_1fYLo _2N2cN\" href=\"https:\/\/manage.wix.com\/dashboard\/256f0125-5b30-4455-b3dc-e774a6cbe6d4\/blog\/published\/search\/.hash.vegetalien?referralInfo=sidebar\" target=\"_self\" rel=\"noopener\"><span>#vegetalien<\/span><\/a><span data-offset-key=\"6ofmu-17-0\"> <\/span><a class=\"_1fYLo _2N2cN\" href=\"https:\/\/manage.wix.com\/dashboard\/256f0125-5b30-4455-b3dc-e774a6cbe6d4\/blog\/published\/search\/.hash.sanscruaut\u00e9?referralInfo=sidebar\" target=\"_self\" rel=\"noopener\"><span>#sanscruaut\u00e9<\/span><\/a><span data-offset-key=\"6ofmu-19-0\"> <\/span><a class=\"_1fYLo _2N2cN\" href=\"https:\/\/manage.wix.com\/dashboard\/256f0125-5b30-4455-b3dc-e774a6cbe6d4\/blog\/published\/search\/.hash.protectionplanete?referralInfo=sidebar\" target=\"_self\" rel=\"noopener\"><span>#protectionplanete<\/span><\/a><span data-offset-key=\"6ofmu-21-0\"> <\/span><a class=\"_1fYLo _2N2cN\" href=\"https:\/\/manage.wix.com\/dashboard\/256f0125-5b30-4455-b3dc-e774a6cbe6d4\/blog\/published\/search\/.hash.abeille?referralInfo=sidebar\" target=\"_self\" rel=\"noopener\"><span>#abeille<\/span><\/a><span data-offset-key=\"6ofmu-23-0\"> <\/span><a class=\"_1fYLo _2N2cN\" href=\"https:\/\/manage.wix.com\/dashboard\/256f0125-5b30-4455-b3dc-e774a6cbe6d4\/blog\/published\/search\/.hash.nourriture?referralInfo=sidebar\" target=\"_self\" rel=\"noopener\"><span>#nourriture<\/span><\/a><span data-offset-key=\"6ofmu-25-0\"> <\/span><a class=\"_1fYLo _2N2cN\" href=\"https:\/\/manage.wix.com\/dashboard\/256f0125-5b30-4455-b3dc-e774a6cbe6d4\/blog\/published\/search\/.hash.fruitsl\u00e9gumessaison?referralInfo=sidebar\" target=\"_self\" rel=\"noopener\"><span>#fruitsl\u00e9gumessaison<\/span><\/a><span data-offset-key=\"6ofmu-27-0\"> <\/span><a class=\"_1fYLo _2N2cN\" href=\"https:\/\/manage.wix.com\/dashboard\/256f0125-5b30-4455-b3dc-e774a6cbe6d4\/blog\/published\/search\/.hash.alimentation?referralInfo=sidebar\" target=\"_self\" rel=\"noopener\"><span>#alimentation<\/span><\/a><span data-offset-key=\"6ofmu-29-0\"> <\/span><a class=\"_1fYLo _2N2cN\" href=\"https:\/\/manage.wix.com\/dashboard\/256f0125-5b30-4455-b3dc-e774a6cbe6d4\/blog\/published\/search\/.hash.marchebio?referralInfo=sidebar\" target=\"_self\" rel=\"noopener\"><span>#marchebio<\/span><\/a><span data-offset-key=\"6ofmu-31-0\"> <\/span><a class=\"_1fYLo _2N2cN\" href=\"https:\/\/manage.wix.com\/dashboard\/256f0125-5b30-4455-b3dc-e774a6cbe6d4\/blog\/published\/search\/.hash.fermebio?referralInfo=sidebar\" target=\"_self\" rel=\"noopener\"><span>#fermebio<\/span><\/a><span data-offset-key=\"6ofmu-33-0\"> <\/span><a class=\"_1fYLo _2N2cN\" href=\"https:\/\/manage.wix.com\/dashboard\/256f0125-5b30-4455-b3dc-e774a6cbe6d4\/blog\/published\/search\/.hash.economiedufoyer?referralInfo=sidebar\" target=\"_self\" rel=\"noopener\"><span>#economiedufoyer<\/span><\/a><span data-offset-key=\"6ofmu-35-0\"> <\/span><a class=\"_1fYLo _2N2cN\" href=\"https:\/\/manage.wix.com\/dashboard\/256f0125-5b30-4455-b3dc-e774a6cbe6d4\/blog\/published\/search\/.hash.medecine?referralInfo=sidebar\" target=\"_self\" rel=\"noopener\"><span>#medecine<\/span><\/a><span data-offset-key=\"6ofmu-37-0\"> <\/span><a class=\"_1fYLo _2N2cN\" href=\"https:\/\/manage.wix.com\/dashboard\/256f0125-5b30-4455-b3dc-e774a6cbe6d4\/blog\/published\/search\/.hash.hyppocrate?referralInfo=sidebar\" target=\"_self\" rel=\"noopener\"><span>#Hyppocrate<\/span><\/a><\/div>\n<\/div>\n<\/div>[\/et_pb_text][\/et_pb_column][\/et_pb_row][\/et_pb_section]","protected":false},"excerpt":{"rendered":"<p>Vouloir tout, tout de suite, \u00e0 n\u2019importe quel instant est notre mode de vie actuel ! Sommes-nous dans le juste pour alimenter notre \u00eatre de cette mani\u00e8re et vivre de fa\u00e7on \u00e9cologique ? Non ! Ce sont des pulsions aliment\u00e9es par toutes sortes de publicit\u00e9s&#8230;<\/p>","protected":false},"author":2,"featured_media":1536,"comment_status":"open","ping_status":"open","sticky":false,"template":"","format":"standard","meta":{"_et_pb_use_builder":"on","_et_pb_old_content":"","_et_gb_content_width":"1080","_jetpack_memberships_contains_paid_content":false,"footnotes":""},"categories":[40],"tags":[],"class_list":["post-1535","post","type-post","status-publish","format-standard","has-post-thumbnail","hentry","category-journalethique"],"jetpack_featured_media_url":"https:\/\/fromjoyasso.org\/wp-content\/uploads\/2021\/07\/Banniere-KendyH-9.png","jetpack_sharing_enabled":true,"_links":{"self":[{"href":"https:\/\/fromjoyasso.org\/en\/wp-json\/wp\/v2\/posts\/1535","targetHints":{"allow":["GET"]}}],"collection":[{"href":"https:\/\/fromjoyasso.org\/en\/wp-json\/wp\/v2\/posts"}],"about":[{"href":"https:\/\/fromjoyasso.org\/en\/wp-json\/wp\/v2\/types\/post"}],"author":[{"embeddable":true,"href":"https:\/\/fromjoyasso.org\/en\/wp-json\/wp\/v2\/users\/2"}],"replies":[{"embeddable":true,"href":"https:\/\/fromjoyasso.org\/en\/wp-json\/wp\/v2\/comments?post=1535"}],"version-history":[{"count":0,"href":"https:\/\/fromjoyasso.org\/en\/wp-json\/wp\/v2\/posts\/1535\/revisions"}],"wp:featuredmedia":[{"embeddable":true,"href":"https:\/\/fromjoyasso.org\/en\/wp-json\/wp\/v2\/media\/1536"}],"wp:attachment":[{"href":"https:\/\/fromjoyasso.org\/en\/wp-json\/wp\/v2\/media?parent=1535"}],"wp:term":[{"taxonomy":"category","embeddable":true,"href":"https:\/\/fromjoyasso.org\/en\/wp-json\/wp\/v2\/categories?post=1535"},{"taxonomy":"post_tag","embeddable":true,"href":"https:\/\/fromjoyasso.org\/en\/wp-json\/wp\/v2\/tags?post=1535"}],"curies":[{"name":"wp","href":"https:\/\/api.w.org\/{rel}","templated":true}]}}